{"id":13168,"date":"2019-08-26T12:38:01","date_gmt":"2019-08-26T18:38:01","guid":{"rendered":"https:\/\/www.mdcdatacenters.com\/?p=13168"},"modified":"2021-08-04T12:49:18","modified_gmt":"2021-08-04T18:49:18","slug":"cfe-mexicos-new-telecom-player","status":"publish","type":"post","link":"https:\/\/www.mdcdatacenters.com\/es\/company\/blog\/cfe-mexicos-new-telecom-player\/","title":{"rendered":"CFE, el nuevo player de telecom en M\u00e9xico"},"content":{"rendered":"\n<p>Las redes el\u00e9ctricas de la Comisi\u00f3n Federal de Electricidad (CFE por sus siglas en espa\u00f1ol)&nbsp; ser\u00e1n el conducto de la fibra \u00f3ptica que pretende cubrir de internet al 95% de la poblaci\u00f3n mexicana.&nbsp;<\/p>\n\n\n\n<p>El 2 de agosto del 2019 se public\u00f3 el acuerdo a trav\u00e9s del cual se crea CFE Telecomunicaciones e Internet para todos, el nuevo proveedor de internet del gobierno federal. Esta empresa ser\u00e1 una subsidiaria de la Comisi\u00f3n Federal de Electricidad (CFE), aunque se comenta que &#8220;contar\u00e1 con personalidad jur\u00eddica y patrimonio propios<\/p>\n\n\n\n<blockquote class=\"wp-block-quote is-layout-flow wp-block-quote-is-layout-flow\"><p>&#8220;Es una filial de la CFE \u00bfpor qu\u00e9? porque se va a utilizar toda la infraestructura de la CFE, se cuenta con fibra \u00f3ptica para comunicar por internet el pa\u00eds. Ya se aprob\u00f3 por el consejo de administraci\u00f3n de la CFE, y ya se est\u00e1 haciendo la solicitud para contar con la concesi\u00f3n y poder dar el servicio sin fines de lucro, a todos los que viven en las comunidades m\u00e1s apartadas del pa\u00eds.&#8221;<\/p><cite>Andr\u00e9s Manuel L\u00f3pez Obrador, Presidente de M\u00e9xico<\/cite><\/blockquote>\n\n\n\n<p>La administraci\u00f3n federal utilizar\u00e1 los <strong>50 mil kil\u00f3metros de fibra \u00f3ptica de la Red Nacional de Fibra \u00d3ptica<\/strong>, tambi\u00e9n conocida como Red Troncal de la CFE y planea iniciar actividades en 2020, pero no se ha publicado a\u00fan el d\u00eda exacto ni el detalle operativo del proyecto.<\/p>\n\n\n\n<p>Recordemos que el 14 de agosto del 2019 la Secretar\u00eda de Comunicaciones y Transportes (SCT) suspendi\u00f3 la licitaci\u00f3n de la Red Troncal, bajo el argumento que el proyecto necesita replantearse para quedar acorde a los objetivos del Plan Nacional de Desarrollo 2019-2024.<\/p>\n\n\n\n<p>La licitaci\u00f3n de la&nbsp; Red Troncal pretend\u00eda facilitar a los concesionarios y comercializadores de servicios de telecomunicaciones acceder a una red de fibra \u00f3ptica de alta capacidad para impulsar una mayor oferta de servicios de internet confiables a nivel nacional a precios competitivos y as\u00ed facilitar la inclusi\u00f3n digital y la adopci\u00f3n de las tecnolog\u00edas de la informaci\u00f3n.<\/p>\n\n\n<style>\n\t.mod_blogpost{\n\t\tdisplay: flex;\n\t\talign-items: center;\n\t\tmargin: 3em 0;\n\t\tpadding: 1em 0;\n\t\tborder-top: solid 1px #dcdcdc;\n\t\tborder-bottom: solid 1px #dcdcdc;\n\t}\t\n\n\t.mod_blogpost figure{\n\t\twidth: 40%;\n\t\tmargin-right: 3em;\n\t}\n\n\t.mod_blogpost figure img{\n\t\twidth: 100%;\n\t}\n\n\t.mod_blogpost .block_text{\n\t\twidth: 60%;\n\t}\n\n\t.mod_blogpost h3{\n\t\tfont-size: 2.8rem;\n    \tline-height: 36px;\n    \tcolor: var(--dark);\n\t}\n<\/style>\n\n<section class=\"mod_blogpost\">\n\t<figure>\n\t\t<img decoding=\"async\" src=\"https:\/\/www.mdcdatacenters.com\/wp-content\/uploads\/2019\/09\/ixp-in-mexico.jpg\" alt=\"Confianza y neutralidad: los desaf\u00edos que enfrentan los IXP en M\u00e9xico\">\n\t<\/figure>\n\t<div class=\"block_text\">\n\t\t<h3 class=\"light\">Confianza y neutralidad: los desaf\u00edos que enfrentan los IXP en M\u00e9xico<\/h3>\n\t\t<div class=\"separator x-small\"><\/div>\n\t\t<a href=\"https:\/\/www.mdcdatacenters.com\/es\/company\/blog\/trust-neutrality-the-challenges-ixps-face-in-mexico\/\" class=\"button-secondary line-arrow\">M\u00e1s sobre peering en Mexico <i data-feather=\"arrow-right\"><\/i><\/a>\n\t<\/div>\n<\/section>\n\n\n\n\n<h2 class=\"wp-block-heading\"><strong>\u00bfC\u00f3mo funcionar\u00e1 esta nueva empresa de internet federal?<\/strong><\/h2>\n\n\n\n<p>En una de sus conferencias matutinas el presidente de M\u00e9xico Andr\u00e9s Manuel L\u00f3pez Obrador coment\u00f3 que la infraestructura de la <strong>CFE ser\u00e1 el punto inicial&nbsp; para el despliegue de la cobertura a la red; que se llevar\u00e1 a cabo a trav\u00e9s de antenas<\/strong>, cada una dispuesta en Centros Integradores de Servicio, en donde la administraci\u00f3n ofrecer\u00e1 una serie de servicios.<\/p>\n\n\n\n<p>Se tiene planeado que a cada uno de los Centros Integradores de Servicio llegue se\u00f1al de internet, misma que ser\u00e1 repetida posteriormente hacia otras localidades. Es importante mencionar que <strong>no habr\u00e1 antenas para todas las localidades<\/strong>, el gobierno ha asegurado que&nbsp; bastar\u00e1 una antena para repetir la se\u00f1al a las circunvecinas.<\/p>\n\n\n\n<p>Se ha proyectado la creaci\u00f3n de 10,000 Centros Integradores de Servicios. Pero a\u00fan no se ha especificado el radio estimado que se puede cubrir con una sola antena, de manera que pueda llegar sin complicaciones a las comunidades aleda\u00f1as.&nbsp;<\/p>\n\n\n\n<h2 class=\"wp-block-heading\">El presidente de M\u00e9xico quiere a Facebook como aliado<\/h2>\n\n\n\n<figure class=\"wp-block-image is-resized\"><img loading=\"lazy\" decoding=\"async\" src=\"https:\/\/lh4.googleusercontent.com\/uC_1jh4irsGlfwF8RT3xqBPf50vexxYFKT1dP7ieuyiBIxE1C1keQrm4SUS-UaL61wCyUwwl8ZW1DD4paGGscHq5zT1mGls3K3eh5mcPzU0TrFHF_-6rbDbQa-NPL5M5WXwl_cLA\" alt=\"\" width=\"735\" height=\"794\"\/><figcaption><a href=\"https:\/\/twitter.com\/lopezobrador_\/status\/1141068641267568647\" target=\"_blank\" rel=\"noreferrer noopener\" aria-label=\" (opens in a new tab)\">https:\/\/twitter.com\/lopezobrador_\/status\/1141068641267568647<\/a><\/figcaption><\/figure>\n\n\n\n<p>En junio de 2019, el presidente Andr\u00e9s Manuel L\u00f3pez Obrador platic\u00f3 sobre este proyecto con <a rel=\"noreferrer noopener\" aria-label=\" (opens in a new tab)\" href=\"https:\/\/twitter.com\/lopezobrador_\/status\/1141068641267568647\" target=\"_blank\">Mark Zuckerberg, CEO de Facebook<\/a> y lo invit\u00f3 a participar en esta iniciativa.<\/p>\n\n\n\n<blockquote class=\"wp-block-quote is-layout-flow wp-block-quote-is-layout-flow\"><p>&#8220;Si t\u00fa lo consideras interesante, te invitamos a participar para poder hacer una sociedad. Ser\u00eda algo extraordinario que Facebook ayudar\u00e1 en la comunicaci\u00f3n, en la conectividad de M\u00e9xico&#8221;.<\/p><cite>Dijo el mandatario a trav\u00e9s de la videollamada hecha desde Palacio Nacional.<\/cite><\/blockquote>\n\n\n\n<p>Hasta el momento no se conoce la respuesta del l\u00edder de la Big Tech, sin embargo la acci\u00f3n vislumbra la apertura del gobierno a colaborar con empresas internacionales.<\/p>\n\n\n\n<h2 class=\"wp-block-heading\">La industria de las telecom en M\u00e9xico se perciben optimistas<\/h2>\n\n\n\n<p>A pesar de la poca informaci\u00f3n que se tiene hasta el momento, las empresas interesadas en la licitaci\u00f3n de la Red Troncal, por ahora cancelada, opinan que esta nueva forma de afrontar el proyecto de conectividad del pa\u00eds no cierra a los operadores las oportunidades de hacer negocio.<\/p>\n\n\n\n<p>En una entrevista publicada el Economista Jos\u00e9 Luis Peralta, asesor del Plan-A, quien se interes\u00f3 en su momento por la Red Troncal coment\u00f3: <\/p>\n\n\n\n<blockquote class=\"wp-block-quote is-layout-flow wp-block-quote-is-layout-flow\"><p>\u201cHay una definici\u00f3n m\u00e1s clara sobre cu\u00e1l es el proyecto y eso es positivo. Seguiremos interesados, porque habr\u00e1 que ver qu\u00e9 oportunidades hay para poder participar. Si bien ya no hay una red que construir de ese modo, hay que ayudar en este proceso. Creemos todav\u00eda que el proyecto de CFE Telecomunicaciones, si se complementa, puede generar din\u00e1micas interesantes con los concesionarios. Hasta no conocer la definici\u00f3n bien, es dif\u00edcil decir si es positivo o negativo el plan de CFE Telecomunicaciones Internet Para Todos\u201d.<\/p><cite>Jos\u00e9 Luis Peralta, Asesor del Plan A<\/cite><\/blockquote>\n","protected":false},"excerpt":{"rendered":"<p>Las redes el\u00e9ctricas de la Comisi\u00f3n Federal de Electricidad (CFE por sus siglas en espa\u00f1ol)&nbsp; ser\u00e1n el conducto de la fibra \u00f3ptica que pretende cubrir de internet al 95% de la poblaci\u00f3n mexicana.&nbsp; El 2 de agosto del 2019 se public\u00f3 el acuerdo a trav\u00e9s del cual se crea CFE Telecomunicaciones e Internet para todos, [&hellip;]<\/p>\n","protected":false},"author":99,"featured_media":13189,"comment_status":"closed","ping_status":"closed","sticky":false,"template":"","format":"standard","meta":{"_acf_changed":false,"content-type":"","footnotes":"","_wp_rev_ctl_limit":""},"categories":[370],"tags":[389,395],"class_list":["post-13168","post","type-post","status-publish","format-standard","has-post-thumbnail","hentry","category-trend","tag-content-providers","tag-mexican-market"],"translation":{"provider":"WPGlobus","version":"3.0.1","language":"es","enabled_languages":["en","es"],"languages":{"en":{"title":true,"content":true,"excerpt":false},"es":{"title":true,"content":true,"excerpt":false}}},"acf":[],"aioseo_notices":[],"_links":{"self":[{"href":"https:\/\/www.mdcdatacenters.com\/es\/wp-json\/wp\/v2\/posts\/13168","targetHints":{"allow":["GET"]}}],"collection":[{"href":"https:\/\/www.mdcdatacenters.com\/es\/wp-json\/wp\/v2\/posts"}],"about":[{"href":"https:\/\/www.mdcdatacenters.com\/es\/wp-json\/wp\/v2\/types\/post"}],"author":[{"embeddable":true,"href":"https:\/\/www.mdcdatacenters.com\/es\/wp-json\/wp\/v2\/users\/99"}],"replies":[{"embeddable":true,"href":"https:\/\/www.mdcdatacenters.com\/es\/wp-json\/wp\/v2\/comments?post=13168"}],"version-history":[{"count":19,"href":"https:\/\/www.mdcdatacenters.com\/es\/wp-json\/wp\/v2\/posts\/13168\/revisions"}],"predecessor-version":[{"id":15948,"href":"https:\/\/www.mdcdatacenters.com\/es\/wp-json\/wp\/v2\/posts\/13168\/revisions\/15948"}],"wp:featuredmedia":[{"embeddable":true,"href":"https:\/\/www.mdcdatacenters.com\/es\/wp-json\/wp\/v2\/media\/13189"}],"wp:attachment":[{"href":"https:\/\/www.mdcdatacenters.com\/es\/wp-json\/wp\/v2\/media?parent=13168"}],"wp:term":[{"taxonomy":"category","embeddable":true,"href":"https:\/\/www.mdcdatacenters.com\/es\/wp-json\/wp\/v2\/categories?post=13168"},{"taxonomy":"post_tag","embeddable":true,"href":"https:\/\/www.mdcdatacenters.com\/es\/wp-json\/wp\/v2\/tags?post=13168"}],"curies":[{"name":"wp","href":"https:\/\/api.w.org\/{rel}","templated":true}]}}